{"id":1959,"date":"2026-03-16T07:40:13","date_gmt":"2026-03-16T06:40:13","guid":{"rendered":"https:\/\/internationaler-tag-alleinerziehender.de\/?p=1959"},"modified":"2026-03-17T08:44:49","modified_gmt":"2026-03-17T07:44:49","slug":"am-21-maerz-ist-der-internationale-tag-gegen-rassismus","status":"publish","type":"post","link":"https:\/\/internationaler-tag-alleinerziehender.de\/?p=1959","title":{"rendered":"Am 21. M\u00e4rz ist der Internationale Tag gegen Rassismus,"},"content":{"rendered":"\n<p>so dass wir uns die Frage stellen, wer k\u00f6nnte ein Interesse daran haben, diesen Tag Alleinerziehenden widmen zu wollen?<\/p>\n\n\n\n<figure class=\"wp-block-image size-large\"><img loading=\"lazy\" decoding=\"async\" width=\"1024\" height=\"930\" src=\"https:\/\/internationaler-tag-alleinerziehender.de\/wp-content\/uploads\/2026\/03\/img_4696-1.jpg\" alt=\"\" class=\"wp-image-1973\" srcset=\"https:\/\/internationaler-tag-alleinerziehender.de\/wp-content\/uploads\/2026\/03\/img_4696-1.jpg 1024w, https:\/\/internationaler-tag-alleinerziehender.de\/wp-content\/uploads\/2026\/03\/img_4696-1-300x272.jpg 300w, https:\/\/internationaler-tag-alleinerziehender.de\/wp-content\/uploads\/2026\/03\/img_4696-1-768x698.jpg 768w\" sizes=\"auto, (max-width: 767px) 89vw, (max-width: 1000px) 54vw, (max-width: 1071px) 543px, 580px\" \/><figcaption class=\"wp-element-caption\">Schon seit 1966 <\/figcaption><\/figure>\n\n\n\n<p>Der seit 1966 begangene Gedenktag wird wegen dem Massaker im s\u00fcdafrikanischen Township Sharpeville begangen. Dort wurden am 21.3.1960 immerhin 69 Menschen von Polizisten erschossen, die friedlich gegen die Apartheid demonstriert hatten. Deswegen wird am 21. M\u00e4rz, seit 1966 der Internationale Tag gegen Rassismus und dagegen erst seit 1984 der Singleparents Day in den USA begangen. In Deutschland wollen Demokratiefeinde sogar den internationalen Tag Alleinerziehender daraus machen!<\/p>\n\n\n\n<figure class=\"wp-block-image size-large\"><img loading=\"lazy\" decoding=\"async\" width=\"1024\" height=\"743\" src=\"https:\/\/internationaler-tag-alleinerziehender.de\/wp-content\/uploads\/2026\/03\/img_4697-1024x743.jpg\" alt=\"\" class=\"wp-image-1976\" srcset=\"https:\/\/internationaler-tag-alleinerziehender.de\/wp-content\/uploads\/2026\/03\/img_4697-1024x743.jpg 1024w, https:\/\/internationaler-tag-alleinerziehender.de\/wp-content\/uploads\/2026\/03\/img_4697-300x218.jpg 300w, https:\/\/internationaler-tag-alleinerziehender.de\/wp-content\/uploads\/2026\/03\/img_4697-768x557.jpg 768w, https:\/\/internationaler-tag-alleinerziehender.de\/wp-content\/uploads\/2026\/03\/img_4697.jpg 1537w\" sizes=\"auto, (max-width: 767px) 89vw, (max-width: 1000px) 54vw, (max-width: 1071px) 543px, 580px\" \/><\/figure>\n\n\n\n<p>Da kommen wir dann zu dem Schluss, dass das vielleicht gar kein Zufall ist, sondern b\u00f6se Absicht dahinter steht, um vom Thema Rassismus und ganz in wei\u00dfer Manier abzulenken. <\/p>\n\n\n\n<figure class=\"wp-block-image size-large\"><img loading=\"lazy\" decoding=\"async\" width=\"1024\" height=\"504\" src=\"https:\/\/internationaler-tag-alleinerziehender.de\/wp-content\/uploads\/2026\/03\/img_4695-1-1024x504.jpg\" alt=\"\" class=\"wp-image-1974\" srcset=\"https:\/\/internationaler-tag-alleinerziehender.de\/wp-content\/uploads\/2026\/03\/img_4695-1-1024x504.jpg 1024w, https:\/\/internationaler-tag-alleinerziehender.de\/wp-content\/uploads\/2026\/03\/img_4695-1-300x148.jpg 300w, https:\/\/internationaler-tag-alleinerziehender.de\/wp-content\/uploads\/2026\/03\/img_4695-1-768x378.jpg 768w, https:\/\/internationaler-tag-alleinerziehender.de\/wp-content\/uploads\/2026\/03\/img_4695-1.jpg 1218w\" sizes=\"auto, (max-width: 767px) 89vw, (max-width: 1000px) 54vw, (max-width: 1071px) 543px, 580px\" \/><figcaption class=\"wp-element-caption\">\u00dcberall auf der Welt gegen Rassismus einstehen!<\/figcaption><\/figure>\n\n\n\n<p>Deswegen wollen wir heute in erster Linie darauf aufmerksam machen, dass uns der Tag gegen Rassismus, einen sehr gro\u00dfen Stellenwert hat und erst in zweiter Linie kommen wir auf Alleinerziehende zu sprechen, die heute in den USA ihren nationalen Tag f\u00fcr Singleparents feiern!<\/p>\n\n\n\n<figure class=\"wp-block-image size-large\"><img loading=\"lazy\" decoding=\"async\" width=\"1024\" height=\"576\" src=\"https:\/\/internationaler-tag-alleinerziehender.de\/wp-content\/uploads\/2026\/03\/img_4694-1-1024x576.jpg\" alt=\"\" class=\"wp-image-1975\" srcset=\"https:\/\/internationaler-tag-alleinerziehender.de\/wp-content\/uploads\/2026\/03\/img_4694-1-1024x576.jpg 1024w, https:\/\/internationaler-tag-alleinerziehender.de\/wp-content\/uploads\/2026\/03\/img_4694-1-300x169.jpg 300w, https:\/\/internationaler-tag-alleinerziehender.de\/wp-content\/uploads\/2026\/03\/img_4694-1-768x432.jpg 768w, https:\/\/internationaler-tag-alleinerziehender.de\/wp-content\/uploads\/2026\/03\/img_4694-1.jpg 1140w\" sizes=\"auto, (max-width: 767px) 89vw, (max-width: 1000px) 54vw, (max-width: 1071px) 543px, 580px\" \/><figcaption class=\"wp-element-caption\">Lassen wir keine Ablenkung zu!<\/figcaption><\/figure>\n\n\n\n<h4 class=\"wp-block-heading has-text-align-left\">Wir fallen nicht auf billige Tricks der Politik herein!<\/h4>\n\n\n\n<p>Wir stehen f\u00fcr Gleichberechtigung und Gerechtigkeit ein und lassen uns nicht durch Taschenspielertricks der Politik spalten. Man muss wissen, dass die Politik ein Tummelplatz f\u00fcr Euphemismen ist, genau um Spaltung und Vertuschung zu erreichen. Das erkennen Menschen, die in der Schule waren. Allerdings muss man sich nur mal unsere Schulen \u00e4u\u00dferlich und im Kern ansehen. Warum l\u00e4sst der Staat das zu? Es hat einen Grund! Bildung ist gef\u00e4hrlich f\u00fcr die M\u00e4chtigen der Welt und deswegen soll Bildung sukzessive zerst\u00f6rt werden. Bestes Beispiel daf\u00fcr ist Afghanistan, mit dem Verbot f\u00fcr Frauen und M\u00e4dchen, in die Schulen zu d\u00fcrfen! <\/p>\n\n\n\n<p>Euphemismen waren, sind und bleiben unsere Themen! Auch wenn es um die Vertuschung von Rassismus geht!<\/p>\n\n\n\n<p>Dennoch wollen wir den Alleinerziehenden in den USA einen sch\u00f6nen Happy-Singleparents-Day w\u00fcnschen!<\/p>\n\n\n\n<figure class=\"wp-block-image size-large\"><img loading=\"lazy\" decoding=\"async\" width=\"768\" height=\"1024\" src=\"https:\/\/internationaler-tag-alleinerziehender.de\/wp-content\/uploads\/2025\/05\/img_4405-1-768x1024.jpg\" alt=\"\" class=\"wp-image-1387\" srcset=\"https:\/\/internationaler-tag-alleinerziehender.de\/wp-content\/uploads\/2025\/05\/img_4405-1-768x1024.jpg 768w, https:\/\/internationaler-tag-alleinerziehender.de\/wp-content\/uploads\/2025\/05\/img_4405-1-225x300.jpg 225w, https:\/\/internationaler-tag-alleinerziehender.de\/wp-content\/uploads\/2025\/05\/img_4405-1-1152x1536.jpg 1152w, https:\/\/internationaler-tag-alleinerziehender.de\/wp-content\/uploads\/2025\/05\/img_4405-1.jpg 1500w\" sizes=\"auto, (max-width: 767px) 89vw, (max-width: 1000px) 54vw, (max-width: 1071px) 543px, 580px\" \/><\/figure>\n\n\n\n<p>Text und Gestaltung:<\/p>\n\n\n\n<p>Wendula Strube<\/p>\n","protected":false},"excerpt":{"rendered":"<p>Am 21. M\u00e4rz ist seit 1966 der Internationale Tag gegen Rassismus und erst seit 1971 Singleparents Day in den USA<\/p>\n","protected":false},"author":1,"featured_media":1976,"comment_status":"open","ping_status":"open","sticky":true,"template":"","format":"standard","meta":{"footnotes":"","jetpack_publicize_message":"","jetpack_is_tweetstorm":false,"jetpack_publicize_feature_enabled":true,"jetpack_social_options":[]},"categories":[161,160,1,96],"tags":[162,54,98],"class_list":["post-1959","post","type-post","status-publish","format-standard","has-post-thumbnail","hentry","category-gegen-rassismus","category-internationaler-tag-gegen-rassismus","category-uncategorized","category-usa-singleparentsday","tag-internationaler-tag-gegen-rassismus","tag-singleparentsday","tag-usa"],"jetpack_publicize_connections":[],"jetpack_featured_media_url":"https:\/\/internationaler-tag-alleinerziehender.de\/wp-content\/uploads\/2026\/03\/img_4697.jpg","_links":{"self":[{"href":"https:\/\/internationaler-tag-alleinerziehender.de\/index.php?rest_route=\/wp\/v2\/posts\/1959","targetHints":{"allow":["GET"]}}],"collection":[{"href":"https:\/\/internationaler-tag-alleinerziehender.de\/index.php?rest_route=\/wp\/v2\/posts"}],"about":[{"href":"https:\/\/internationaler-tag-alleinerziehender.de\/index.php?rest_route=\/wp\/v2\/types\/post"}],"author":[{"embeddable":true,"href":"https:\/\/internationaler-tag-alleinerziehender.de\/index.php?rest_route=\/wp\/v2\/users\/1"}],"replies":[{"embeddable":true,"href":"https:\/\/internationaler-tag-alleinerziehender.de\/index.php?rest_route=%2Fwp%2Fv2%2Fcomments&post=1959"}],"version-history":[{"count":14,"href":"https:\/\/internationaler-tag-alleinerziehender.de\/index.php?rest_route=\/wp\/v2\/posts\/1959\/revisions"}],"predecessor-version":[{"id":1988,"href":"https:\/\/internationaler-tag-alleinerziehender.de\/index.php?rest_route=\/wp\/v2\/posts\/1959\/revisions\/1988"}],"wp:featuredmedia":[{"embeddable":true,"href":"https:\/\/internationaler-tag-alleinerziehender.de\/index.php?rest_route=\/wp\/v2\/media\/1976"}],"wp:attachment":[{"href":"https:\/\/internationaler-tag-alleinerziehender.de\/index.php?rest_route=%2Fwp%2Fv2%2Fmedia&parent=1959"}],"wp:term":[{"taxonomy":"category","embeddable":true,"href":"https:\/\/internationaler-tag-alleinerziehender.de\/index.php?rest_route=%2Fwp%2Fv2%2Fcategories&post=1959"},{"taxonomy":"post_tag","embeddable":true,"href":"https:\/\/internationaler-tag-alleinerziehender.de\/index.php?rest_route=%2Fwp%2Fv2%2Ftags&post=1959"}],"curies":[{"name":"wp","href":"https:\/\/api.w.org\/{rel}","templated":true}]}}