{"id":961,"date":"2026-05-01T11:14:35","date_gmt":"2026-05-01T09:14:35","guid":{"rendered":"https:\/\/internationaler-tag-alleinerziehender.de\/?p=961"},"modified":"2026-05-01T11:14:36","modified_gmt":"2026-05-01T09:14:36","slug":"heraus-zum-1-was","status":"publish","type":"post","link":"https:\/\/internationaler-tag-alleinerziehender.de\/?p=961","title":{"rendered":"Heraus zum 1. Was?"},"content":{"rendered":"\n<p><strong><em>Das erste Trauma geht in Erf\u00fcllung!<\/em><\/strong><\/p>\n\n\n\n<p>Viele Alleinerziehende sitzen am 1. Mai wahrscheinlich ersch\u00f6pft zu Hause und \u00fcberdenken die kommenden Tage, mit Putz-, Essen-, Wasch- und Wochenendgestaltungsplan! Wer r\u00e4umt ihnen Freizeit ein? Heraus zum 1. Mai ist so ein sentimentaler Begriff, den versteht doch kaum noch einer in unserer Gesellschaft. <\/p>\n\n\n\n<figure class=\"wp-block-image size-large\"><img loading=\"lazy\" decoding=\"async\" width=\"750\" height=\"216\" src=\"https:\/\/internationaler-tag-alleinerziehender.de\/wp-content\/uploads\/2024\/05\/img_9633-1.jpg\" alt=\"\" class=\"wp-image-960\" srcset=\"https:\/\/internationaler-tag-alleinerziehender.de\/wp-content\/uploads\/2024\/05\/img_9633-1.jpg 750w, https:\/\/internationaler-tag-alleinerziehender.de\/wp-content\/uploads\/2024\/05\/img_9633-1-300x86.jpg 300w\" sizes=\"auto, (max-width: 706px) 89vw, (max-width: 767px) 82vw, 740px\" \/><\/figure>\n\n\n\n<p>Woher sollen die Menschen es auch wissen, wenn bei ihnen nichts anderes als Gerede oder Gebete von zumeist m\u00e4nnlichen  Politikern, Muezzinen und Pfarrern, an der Tagesordnung sind.<\/p>\n\n\n\n<figure class=\"wp-block-image size-large\"><img loading=\"lazy\" decoding=\"async\" width=\"750\" height=\"292\" src=\"https:\/\/internationaler-tag-alleinerziehender.de\/wp-content\/uploads\/2026\/05\/img_5298-1.jpg\" class=\"wp-image-2075\" srcset=\"https:\/\/internationaler-tag-alleinerziehender.de\/wp-content\/uploads\/2026\/05\/img_5298-1.jpg 750w, https:\/\/internationaler-tag-alleinerziehender.de\/wp-content\/uploads\/2026\/05\/img_5298-1-300x117.jpg 300w\" sizes=\"auto, (max-width: 706px) 89vw, (max-width: 767px) 82vw, 740px\" \/><figcaption class=\"wp-element-caption\">Wer sich nicht wehrt, lebt verkehrt!<\/figcaption><\/figure>\n\n\n\n<p>Viel wichtiger w\u00e4ren regelm\u00e4\u00dfige Tage, an denen M\u00fctter zu Streiks aufruften. Zum Beispiel jeden Samstag, damit endlich die \u201eBrain\u201c einkaufen gingen, W\u00e4sche wuschten und selbstverst\u00e4ndlich ordentlich aufh\u00e4ngten, Kochen und Backen m\u00fcssten, als auch die Kinder und oder Gro\u00dfeltern betreuten.<\/p>\n\n\n\n<figure class=\"wp-block-image size-large\"><img loading=\"lazy\" decoding=\"async\" width=\"682\" height=\"1024\" src=\"https:\/\/internationaler-tag-alleinerziehender.de\/wp-content\/uploads\/2026\/05\/img_4768-1.jpg\" class=\"wp-image-2073\" srcset=\"https:\/\/internationaler-tag-alleinerziehender.de\/wp-content\/uploads\/2026\/05\/img_4768-1.jpg 682w, https:\/\/internationaler-tag-alleinerziehender.de\/wp-content\/uploads\/2026\/05\/img_4768-1-200x300.jpg 200w\" sizes=\"auto, (max-width: 682px) 100vw, 682px\" \/><\/figure>\n\n\n\n<p>Um wenigstens ein kleines Trauma der Frauen zu bew\u00e4ltigen, rufen wir jetzt schon den 8. Internationalen Tag Alleinerziehender, am 28. September 2026 aus, der organisiert werden muss!<\/p>\n\n\n\n<p>Lasst uns die Spiele beginnen!<\/p>\n\n\n\n<figure class=\"wp-block-image size-large\"><img loading=\"lazy\" decoding=\"async\" width=\"750\" height=\"724\" src=\"https:\/\/internationaler-tag-alleinerziehender.de\/wp-content\/uploads\/2024\/05\/img_9632-1.jpg\" alt=\"\" class=\"wp-image-958\" srcset=\"https:\/\/internationaler-tag-alleinerziehender.de\/wp-content\/uploads\/2024\/05\/img_9632-1.jpg 750w, https:\/\/internationaler-tag-alleinerziehender.de\/wp-content\/uploads\/2024\/05\/img_9632-1-300x290.jpg 300w\" sizes=\"auto, (max-width: 706px) 89vw, (max-width: 767px) 82vw, 740px\" \/><figcaption class=\"wp-element-caption\">Unser Logo <\/figcaption><\/figure>\n\n\n\n<p>Text und Gestaltung<\/p>\n\n\n\n<p>Wendula Strube<\/p>\n","protected":false},"excerpt":{"rendered":"<p>Viel wichtiger w\u00e4ren regelm\u00e4\u00dfige Tage, an denen M\u00fctter zu Streiks aufruften. Zum Beispiel jeden Samstag, <\/p>\n","protected":false},"author":1,"featured_media":2074,"comment_status":"open","ping_status":"open","sticky":false,"template":"","format":"standard","meta":{"footnotes":"","jetpack_publicize_message":"","jetpack_is_tweetstorm":false,"jetpack_publicize_feature_enabled":true,"jetpack_social_options":[]},"categories":[151,47,79,161,120,58,125,127,29,146,1],"tags":[26,41,88],"class_list":["post-961","post","type-post","status-publish","format-standard","has-post-thumbnail","hentry","category-8-internationaler-tag-alleinerziehender-singlemoms-singledads-mutter-vater-kind","category-das-wort-zum-letzten-sonntag","category-familiensplitting","category-gegen-rassismus","category-generalpraeventiver-straftatsbestand-unterhaltshinterziehung","category-monoparentales","category-presse","category-presseball-berlin","category-reden-zum-ispd-am-28-09","category-sozialkassen","category-uncategorized","tag-alleinerziehende-singlemom-international-alexanderplatz-berlin-idsp2809-alleinerziehtstark2809","tag-equaltax-alleinerziehende-steuer","tag-antimonoparentalismus"],"jetpack_publicize_connections":[],"jetpack_featured_media_url":"https:\/\/internationaler-tag-alleinerziehender.de\/wp-content\/uploads\/2026\/05\/img_4714-1.jpg","_links":{"self":[{"href":"https:\/\/internationaler-tag-alleinerziehender.de\/index.php?rest_route=\/wp\/v2\/posts\/961","targetHints":{"allow":["GET"]}}],"collection":[{"href":"https:\/\/internationaler-tag-alleinerziehender.de\/index.php?rest_route=\/wp\/v2\/posts"}],"about":[{"href":"https:\/\/internationaler-tag-alleinerziehender.de\/index.php?rest_route=\/wp\/v2\/types\/post"}],"author":[{"embeddable":true,"href":"https:\/\/internationaler-tag-alleinerziehender.de\/index.php?rest_route=\/wp\/v2\/users\/1"}],"replies":[{"embeddable":true,"href":"https:\/\/internationaler-tag-alleinerziehender.de\/index.php?rest_route=%2Fwp%2Fv2%2Fcomments&post=961"}],"version-history":[{"count":2,"href":"https:\/\/internationaler-tag-alleinerziehender.de\/index.php?rest_route=\/wp\/v2\/posts\/961\/revisions"}],"predecessor-version":[{"id":2076,"href":"https:\/\/internationaler-tag-alleinerziehender.de\/index.php?rest_route=\/wp\/v2\/posts\/961\/revisions\/2076"}],"wp:featuredmedia":[{"embeddable":true,"href":"https:\/\/internationaler-tag-alleinerziehender.de\/index.php?rest_route=\/wp\/v2\/media\/2074"}],"wp:attachment":[{"href":"https:\/\/internationaler-tag-alleinerziehender.de\/index.php?rest_route=%2Fwp%2Fv2%2Fmedia&parent=961"}],"wp:term":[{"taxonomy":"category","embeddable":true,"href":"https:\/\/internationaler-tag-alleinerziehender.de\/index.php?rest_route=%2Fwp%2Fv2%2Fcategories&post=961"},{"taxonomy":"post_tag","embeddable":true,"href":"https:\/\/internationaler-tag-alleinerziehender.de\/index.php?rest_route=%2Fwp%2Fv2%2Ftags&post=961"}],"curies":[{"name":"wp","href":"https:\/\/api.w.org\/{rel}","templated":true}]}}